{"id":8668,"date":"2020-10-08T10:53:56","date_gmt":"2020-10-08T08:53:56","guid":{"rendered":"https:\/\/www.parkcastellar.com\/?p=8668"},"modified":"2020-10-08T11:23:06","modified_gmt":"2020-10-08T09:23:06","slug":"tancament-de-la-teva-clinica-dental","status":"publish","type":"post","link":"https:\/\/www.parkcastellar.com\/ca\/tancament-de-la-teva-clinica-dental\/","title":{"rendered":"Afectat pel tancament de la teva cl\u00ednica dental? T\u2019ajudem!"},"content":{"rendered":"<style type=\"text\/css\"><\/style><p>Has estat un dels afectats\u00a0pel\u00a0tancament sobtat del teu centre dental?\u00a0Les\u00a0cl\u00edniques dentals I\u00a0els centres de medicina est\u00e8tica han estat, entre\u00a0altres negocis,\u00a0algunes\u00a0de les v\u00edctimes\u00a0d&#8217;aquesta crisi\u00a0del\u00a0COVID19\u00a0Molts usuaris es troben ara en un moment de preocupaci\u00f3, sense\u00a0saber que passar\u00e0 amb el tractament que havien comen\u00e7at i incl\u00fas pagat i que ara\u00a0no\u00a0podran\u00a0rebre a\u00a0causa\u00a0del tancament de la\u00a0cl\u00ednica.<\/p>\n<p>Si aquest\u00a0\u00e9s\u00a0el teu cas o et preocupa que pugui arribar a ser-ho, no et preocupis.\u00a0Des de\u00a0la\u00a0Cl\u00ednica dental\u00a0Park\u00a0Castellar et recomanem com actuar davant aquesta\u00a0situaci\u00f3,\u00a0oferim\u00a0assessorament\u00a0legal i cuidem de la teva salut,\u00a0garantint\u00a0la realitzaci\u00f3 del tractament\u00a0que\u00a0necessites\u00a0de la\u00a0m\u00e0\u00a0de professionals amb m\u00e9s de\u00a020\u00a0anys d&#8217;experi\u00e8ncia.<\/p>\n<h2>Drets davant del tancament de la teva cl\u00ednica dental<\/h2>\n<p>Et preguntes com pots reclamar els teus diners perduts o el servei sense prestar,\u00a0despr\u00e9s\u00a0de\u00a0ser v\u00edctima del tancament d&#8217;una cl\u00ednica dental?\u00a0En\u00a0primer lloc et recomanem\u00a0tranquil\u00b7litat\u00a0per\u00f2\u00a0cautela, la no atenci\u00f3 de pacients a la cl\u00ednica dental no implica que l&#8217;empresa hagi de\u00a0tancar.\u00a0S&#8217; ha d&#8217;esperar a veure com es desenvolupen els\u00a0esdeveniments. Aix\u00f2\u00a0si,\u00a0has\u00a0de\u00a0romandre\u00a0atent a totes les novetats i seguir els consells de l&#8217;OCU\u00a0que s\u00f3n els\u00a0seg\u00fcents:<\/p>\n<ol>\n<li>Guarda i conserva tota la documentaci\u00f3 possible del teu tractament que demostri la vinculaci\u00f3\u00a0amb la cl\u00ednica o el prestador del servei. \u00c9s a dir, a m\u00e9s de l&#8217;historial cl\u00ednic on han de figurar la\u00a0marca dels implants, en cas que tels hagin col\u00b7locat, que \u00e9s fonamental,\u00a0\u00e9s\u00a0convenient disposar\u00a0de\u00a0c\u00f2pies\u00a0de pressupostos, contractes, factures&#8230;<\/li>\n<li>Posa&#8217;t en contacte amb la cl\u00ednica sol\u00b7licitant el\u00a0compliment\u00a0del contracte.\u00a0Espera abans d&#8217;iniciar un tractament i especialment un\u00a0finan\u00e7ament\u00a0fins que\u00a0s&#8217;aclareixin\u00a0els\u00a0dubtes\u00a0respecte a\u00a0la situaci\u00f3 real.<\/li>\n<li>Recorda que si tens dubtes sobre la praxi del teu tractament\u00a0dental, realitzant en una cl\u00ednica oberta, pots presentar reclamaci\u00f3 davant les autoritats\u00a0sanit\u00e0ries de la comunitat.<\/li>\n<li>Si has pagat el tractament a trav\u00e9s d&#8217;una financera,\u00a0tal com\u00a0s&#8217;indica des de l&#8217;OCU, davant una\u00a0vaga indefinida o fallida el pacient t\u00e9 dret a parar els pagaments del cr\u00e8dit, segons consta en la\u00a0llei de cr\u00e8dit al consum. Si per pagar el teu\u00a0tractament\u00a0havies\u00a0demanat\u00a0un cr\u00e8dit vinculat al\u00a0contracte de servei firmat amb la cl\u00ednica o el centre, et recomanem dirigir-te per escrit i de\u00a0forma fefaent al\u00a0departament\u00a0d&#8217;atenci\u00f3 al client de l&#8217;entitat\u00a0financera\u00a0on tinguis el cr\u00e8dit, per\u00a0sol\u00b7licitar la seva anul\u00b7laci\u00f3 per no haver-se prestat el servei: si no\u00a0\u00e9s\u00a0compleix\u00a0el que s&#8217;havia\u00a0pactat, aquest cr\u00e8dit deixa de ser exigible.<\/li>\n<li>Si constates un tancament sobtat de la teva cl\u00ednica dental\u00a0\u00e9s\u00a0convenient acudir a la comiss\u00e0ria\u00a0m\u00e9s propera i comunicar al Col\u00b7legi d&#8217;odont\u00f2legs i estomat\u00f2legs m\u00e9s proper, sempre que la\u00a0cl\u00ednica estigui\u00a0oberta, ja que\u00a0pot fer-se en una\u00a0associaci\u00f3\u00a0de consumidors o a un advocat de<br \/>\nconfian\u00e7a.<\/li>\n<\/ol>\n<h3>No et preocupis per res, nosaltres et cuidem!<\/h3>\n<p>Si ets un dels afectats\u00a0pel\u00a0tancament d&#8217;alguns centres\u00a0dentals o de medicina est\u00e8tica de la\u00a0zona, des de Cl\u00ednica\u00a0Park\u00a0Castellar,\u00a0t&#8217;assessorem i&#8217;atendrem. El nostre equip de professionals\u00a0compte amb professionals de m\u00e9s de\u00a020\u00a0anys d&#8217;experi\u00e8ncia i amb un alt grau de formaci\u00f3,\u00a0encap\u00e7alat\u00a0pel\u00a0dr.Alfredo\u00a0Gonz\u00e1lez\u00a0Sancho, el nostre\u00a0director\u00a0m\u00e8dic i cirurgi\u00e0 oral i el nostre\u00a0director m\u00e8dic de medicina est\u00e8tica el Dr. Jos\u00e9 Manuel Fern\u00e1ndez. Els nostres\u00a0professionals\u00a0estan\u00a0especialitzats en rehabilitaci\u00f3,\u00a0endod\u00f2ncia,\u00a0ortodoncia, etc&#8230;\u00a0Tots nosaltres et cuidarem i t&#8217;oferim els millors serveis adaptats a les\u00a0teves\u00a0necessitats.<\/p>\n<h3>Estem al teu costat en tot moment<\/h3>\n<p>\u00c9l mes important \u00e9s la teva salut. Per aquest motiu, t\u2019ajudem a finan\u00e7ar el teu tractament a la\u00a0teva mida. Truca\u2019ns al 937142195 o escriu-nos al 609350592 i t\u2019informarem de totes les\u00a0opcions que tenim disponibles per a tu. A m\u00e9s, et posem en contacte amb el nostre equip\u00a0col\u00b7laborador expert en assesorament legal, els quals estudiaran el teu cas i et proporcionaran\u00a0la millor soluci\u00f3.<\/p>\n","protected":false},"excerpt":{"rendered":"<p>Has estat un dels afectats\u00a0pel\u00a0tancament sobtat del teu centre dental?\u00a0Les\u00a0cl\u00edniques dentals I\u00a0els centres de medicina est\u00e8tica han estat, entre\u00a0altres negocis,\u00a0algunes\u00a0de les v\u00edctimes\u00a0d&#8217;aquesta crisi\u00a0del\u00a0COVID19\u00a0Molts usuaris es troben ara en un moment de preocupaci\u00f3, sense\u00a0saber que passar\u00e0 amb el tractament que havien comen\u00e7at i incl\u00fas pagat i que ara\u00a0no\u00a0podran\u00a0rebre a\u00a0causa\u00a0del tancament de la\u00a0cl\u00ednica. Si aquest\u00a0\u00e9s\u00a0el teu cas&#8230;<\/p>\n","protected":false},"author":3,"featured_media":8690,"comment_status":"closed","ping_status":"closed","sticky":false,"template":"","format":"standard","meta":{"footnotes":""},"categories":[49],"tags":[],"class_list":["post-8668","post","type-post","status-publish","format-standard","has-post-thumbnail","hentry","category-uncategorized-ca"],"yoast_head":"<!-- This site is optimized with the Yoast SEO plugin v26.0 - https:\/\/yoast.com\/wordpress\/plugins\/seo\/ -->\n<title>Afectat pel tancament de la teva cl\u00ednica dental? T\u2019ajudem!<\/title>\n<meta name=\"description\" content=\"Has estat un dels afectats\u00a0pel\u00a0tancament sobtat del teu centre dental?\u00a0T\u2019ajudem! Truca\u2019ns al 937142195 o escriu-nos al 609350592 i t\u2019informarem.\" \/>\n<meta name=\"robots\" content=\"index, follow, max-snippet:-1, max-image-preview:large, max-video-preview:-1\" \/>\n<link rel=\"canonical\" href=\"https:\/\/www.parkcastellar.com\/ca\/tancament-de-la-teva-clinica-dental\/\" \/>\n<meta property=\"og:locale\" content=\"ca_ES\" \/>\n<meta property=\"og:type\" content=\"article\" \/>\n<meta property=\"og:title\" content=\"Afectat pel tancament de la teva cl\u00ednica dental? T\u2019ajudem!\" \/>\n<meta property=\"og:description\" content=\"Has estat un dels afectats\u00a0pel\u00a0tancament sobtat del teu centre dental?\u00a0T\u2019ajudem! Truca\u2019ns al 937142195 o escriu-nos al 609350592 i t\u2019informarem.\" \/>\n<meta property=\"og:url\" content=\"https:\/\/www.parkcastellar.com\/ca\/tancament-de-la-teva-clinica-dental\/\" \/>\n<meta property=\"og:site_name\" content=\"Cl\u00ednica dental Park Castellar\" \/>\n<meta property=\"article:published_time\" content=\"2020-10-08T08:53:56+00:00\" \/>\n<meta property=\"article:modified_time\" content=\"2020-10-08T09:23:06+00:00\" \/>\n<meta property=\"og:image\" content=\"https:\/\/www.parkcastellar.com\/wp-content\/uploads\/Dise\u00f1o-sin-t\u00edtulo.png\" \/>\n\t<meta property=\"og:image:width\" content=\"1200\" \/>\n\t<meta property=\"og:image:height\" content=\"628\" \/>\n\t<meta property=\"og:image:type\" content=\"image\/png\" \/>\n<meta name=\"author\" content=\"parkcastellar\" \/>\n<meta name=\"twitter:card\" content=\"summary_large_image\" \/>\n<meta name=\"twitter:label1\" content=\"Escrit per\" \/>\n\t<meta name=\"twitter:data1\" content=\"parkcastellar\" \/>\n\t<meta name=\"twitter:label2\" content=\"Temps estimat de lectura\" \/>\n\t<meta name=\"twitter:data2\" content=\"4 minuts\" \/>\n<script type=\"application\/ld+json\" class=\"yoast-schema-graph\">{\"@context\":\"https:\/\/schema.org\",\"@graph\":[{\"@type\":\"WebPage\",\"@id\":\"https:\/\/www.parkcastellar.com\/ca\/tancament-de-la-teva-clinica-dental\/\",\"url\":\"https:\/\/www.parkcastellar.com\/ca\/tancament-de-la-teva-clinica-dental\/\",\"name\":\"Afectat pel tancament de la teva cl\u00ednica dental? T\u2019ajudem!\",\"isPartOf\":{\"@id\":\"https:\/\/www.parkcastellar.com\/#website\"},\"primaryImageOfPage\":{\"@id\":\"https:\/\/www.parkcastellar.com\/ca\/tancament-de-la-teva-clinica-dental\/#primaryimage\"},\"image\":{\"@id\":\"https:\/\/www.parkcastellar.com\/ca\/tancament-de-la-teva-clinica-dental\/#primaryimage\"},\"thumbnailUrl\":\"https:\/\/www.parkcastellar.com\/wp-content\/uploads\/Dise\u00f1o-sin-t\u00edtulo.png\",\"datePublished\":\"2020-10-08T08:53:56+00:00\",\"dateModified\":\"2020-10-08T09:23:06+00:00\",\"author\":{\"@id\":\"https:\/\/www.parkcastellar.com\/#\/schema\/person\/43decb17dcaca946b2e6da7f84a2ccf6\"},\"description\":\"Has estat un dels afectats\u00a0pel\u00a0tancament sobtat del teu centre dental?\u00a0T\u2019ajudem! Truca\u2019ns al 937142195 o escriu-nos al 609350592 i t\u2019informarem.\",\"breadcrumb\":{\"@id\":\"https:\/\/www.parkcastellar.com\/ca\/tancament-de-la-teva-clinica-dental\/#breadcrumb\"},\"inLanguage\":\"ca\",\"potentialAction\":[{\"@type\":\"ReadAction\",\"target\":[\"https:\/\/www.parkcastellar.com\/ca\/tancament-de-la-teva-clinica-dental\/\"]}]},{\"@type\":\"ImageObject\",\"inLanguage\":\"ca\",\"@id\":\"https:\/\/www.parkcastellar.com\/ca\/tancament-de-la-teva-clinica-dental\/#primaryimage\",\"url\":\"https:\/\/www.parkcastellar.com\/wp-content\/uploads\/Dise\u00f1o-sin-t\u00edtulo.png\",\"contentUrl\":\"https:\/\/www.parkcastellar.com\/wp-content\/uploads\/Dise\u00f1o-sin-t\u00edtulo.png\",\"width\":1200,\"height\":628,\"caption\":\"Cierre cl\u00ednica\"},{\"@type\":\"BreadcrumbList\",\"@id\":\"https:\/\/www.parkcastellar.com\/ca\/tancament-de-la-teva-clinica-dental\/#breadcrumb\",\"itemListElement\":[{\"@type\":\"ListItem\",\"position\":1,\"name\":\"Portada\",\"item\":\"https:\/\/www.parkcastellar.com\/ca\/\"},{\"@type\":\"ListItem\",\"position\":2,\"name\":\"Afectat pel tancament de la teva cl\u00ednica dental? T\u2019ajudem!\"}]},{\"@type\":\"WebSite\",\"@id\":\"https:\/\/www.parkcastellar.com\/#website\",\"url\":\"https:\/\/www.parkcastellar.com\/\",\"name\":\"Cl\u00ednica dental Park Castellar\",\"description\":\"Dentista Castellar del Vall\u00e8s\",\"potentialAction\":[{\"@type\":\"SearchAction\",\"target\":{\"@type\":\"EntryPoint\",\"urlTemplate\":\"https:\/\/www.parkcastellar.com\/?s={search_term_string}\"},\"query-input\":{\"@type\":\"PropertyValueSpecification\",\"valueRequired\":true,\"valueName\":\"search_term_string\"}}],\"inLanguage\":\"ca\"},{\"@type\":\"Person\",\"@id\":\"https:\/\/www.parkcastellar.com\/#\/schema\/person\/43decb17dcaca946b2e6da7f84a2ccf6\",\"name\":\"parkcastellar\",\"image\":{\"@type\":\"ImageObject\",\"inLanguage\":\"ca\",\"@id\":\"https:\/\/www.parkcastellar.com\/#\/schema\/person\/image\/\",\"url\":\"https:\/\/secure.gravatar.com\/avatar\/f6e2694db36f9b6412c9595372e9a082157113d7df11dda2a8011206061adf56?s=96&d=mm&r=g\",\"contentUrl\":\"https:\/\/secure.gravatar.com\/avatar\/f6e2694db36f9b6412c9595372e9a082157113d7df11dda2a8011206061adf56?s=96&d=mm&r=g\",\"caption\":\"parkcastellar\"},\"url\":\"https:\/\/www.parkcastellar.com\/ca\/author\/parkcastellar\/\"}]}<\/script>\n<!-- \/ Yoast SEO plugin. -->","yoast_head_json":{"title":"Afectat pel tancament de la teva cl\u00ednica dental? T\u2019ajudem!","description":"Has estat un dels afectats\u00a0pel\u00a0tancament sobtat del teu centre dental?\u00a0T\u2019ajudem! Truca\u2019ns al 937142195 o escriu-nos al 609350592 i t\u2019informarem.","robots":{"index":"index","follow":"follow","max-snippet":"max-snippet:-1","max-image-preview":"max-image-preview:large","max-video-preview":"max-video-preview:-1"},"canonical":"https:\/\/www.parkcastellar.com\/ca\/tancament-de-la-teva-clinica-dental\/","og_locale":"ca_ES","og_type":"article","og_title":"Afectat pel tancament de la teva cl\u00ednica dental? T\u2019ajudem!","og_description":"Has estat un dels afectats\u00a0pel\u00a0tancament sobtat del teu centre dental?\u00a0T\u2019ajudem! Truca\u2019ns al 937142195 o escriu-nos al 609350592 i t\u2019informarem.","og_url":"https:\/\/www.parkcastellar.com\/ca\/tancament-de-la-teva-clinica-dental\/","og_site_name":"Cl\u00ednica dental Park Castellar","article_published_time":"2020-10-08T08:53:56+00:00","article_modified_time":"2020-10-08T09:23:06+00:00","og_image":[{"width":1200,"height":628,"url":"https:\/\/www.parkcastellar.com\/wp-content\/uploads\/Dise\u00f1o-sin-t\u00edtulo.png","type":"image\/png"}],"author":"parkcastellar","twitter_card":"summary_large_image","twitter_misc":{"Escrit per":"parkcastellar","Temps estimat de lectura":"4 minuts"},"schema":{"@context":"https:\/\/schema.org","@graph":[{"@type":"WebPage","@id":"https:\/\/www.parkcastellar.com\/ca\/tancament-de-la-teva-clinica-dental\/","url":"https:\/\/www.parkcastellar.com\/ca\/tancament-de-la-teva-clinica-dental\/","name":"Afectat pel tancament de la teva cl\u00ednica dental? T\u2019ajudem!","isPartOf":{"@id":"https:\/\/www.parkcastellar.com\/#website"},"primaryImageOfPage":{"@id":"https:\/\/www.parkcastellar.com\/ca\/tancament-de-la-teva-clinica-dental\/#primaryimage"},"image":{"@id":"https:\/\/www.parkcastellar.com\/ca\/tancament-de-la-teva-clinica-dental\/#primaryimage"},"thumbnailUrl":"https:\/\/www.parkcastellar.com\/wp-content\/uploads\/Dise\u00f1o-sin-t\u00edtulo.png","datePublished":"2020-10-08T08:53:56+00:00","dateModified":"2020-10-08T09:23:06+00:00","author":{"@id":"https:\/\/www.parkcastellar.com\/#\/schema\/person\/43decb17dcaca946b2e6da7f84a2ccf6"},"description":"Has estat un dels afectats\u00a0pel\u00a0tancament sobtat del teu centre dental?\u00a0T\u2019ajudem! Truca\u2019ns al 937142195 o escriu-nos al 609350592 i t\u2019informarem.","breadcrumb":{"@id":"https:\/\/www.parkcastellar.com\/ca\/tancament-de-la-teva-clinica-dental\/#breadcrumb"},"inLanguage":"ca","potentialAction":[{"@type":"ReadAction","target":["https:\/\/www.parkcastellar.com\/ca\/tancament-de-la-teva-clinica-dental\/"]}]},{"@type":"ImageObject","inLanguage":"ca","@id":"https:\/\/www.parkcastellar.com\/ca\/tancament-de-la-teva-clinica-dental\/#primaryimage","url":"https:\/\/www.parkcastellar.com\/wp-content\/uploads\/Dise\u00f1o-sin-t\u00edtulo.png","contentUrl":"https:\/\/www.parkcastellar.com\/wp-content\/uploads\/Dise\u00f1o-sin-t\u00edtulo.png","width":1200,"height":628,"caption":"Cierre cl\u00ednica"},{"@type":"BreadcrumbList","@id":"https:\/\/www.parkcastellar.com\/ca\/tancament-de-la-teva-clinica-dental\/#breadcrumb","itemListElement":[{"@type":"ListItem","position":1,"name":"Portada","item":"https:\/\/www.parkcastellar.com\/ca\/"},{"@type":"ListItem","position":2,"name":"Afectat pel tancament de la teva cl\u00ednica dental? T\u2019ajudem!"}]},{"@type":"WebSite","@id":"https:\/\/www.parkcastellar.com\/#website","url":"https:\/\/www.parkcastellar.com\/","name":"Cl\u00ednica dental Park Castellar","description":"Dentista Castellar del Vall\u00e8s","potentialAction":[{"@type":"SearchAction","target":{"@type":"EntryPoint","urlTemplate":"https:\/\/www.parkcastellar.com\/?s={search_term_string}"},"query-input":{"@type":"PropertyValueSpecification","valueRequired":true,"valueName":"search_term_string"}}],"inLanguage":"ca"},{"@type":"Person","@id":"https:\/\/www.parkcastellar.com\/#\/schema\/person\/43decb17dcaca946b2e6da7f84a2ccf6","name":"parkcastellar","image":{"@type":"ImageObject","inLanguage":"ca","@id":"https:\/\/www.parkcastellar.com\/#\/schema\/person\/image\/","url":"https:\/\/secure.gravatar.com\/avatar\/f6e2694db36f9b6412c9595372e9a082157113d7df11dda2a8011206061adf56?s=96&d=mm&r=g","contentUrl":"https:\/\/secure.gravatar.com\/avatar\/f6e2694db36f9b6412c9595372e9a082157113d7df11dda2a8011206061adf56?s=96&d=mm&r=g","caption":"parkcastellar"},"url":"https:\/\/www.parkcastellar.com\/ca\/author\/parkcastellar\/"}]}},"_links":{"self":[{"href":"https:\/\/www.parkcastellar.com\/ca\/wp-json\/wp\/v2\/posts\/8668","targetHints":{"allow":["GET"]}}],"collection":[{"href":"https:\/\/www.parkcastellar.com\/ca\/wp-json\/wp\/v2\/posts"}],"about":[{"href":"https:\/\/www.parkcastellar.com\/ca\/wp-json\/wp\/v2\/types\/post"}],"author":[{"embeddable":true,"href":"https:\/\/www.parkcastellar.com\/ca\/wp-json\/wp\/v2\/users\/3"}],"replies":[{"embeddable":true,"href":"https:\/\/www.parkcastellar.com\/ca\/wp-json\/wp\/v2\/comments?post=8668"}],"version-history":[{"count":1,"href":"https:\/\/www.parkcastellar.com\/ca\/wp-json\/wp\/v2\/posts\/8668\/revisions"}],"predecessor-version":[{"id":8669,"href":"https:\/\/www.parkcastellar.com\/ca\/wp-json\/wp\/v2\/posts\/8668\/revisions\/8669"}],"wp:featuredmedia":[{"embeddable":true,"href":"https:\/\/www.parkcastellar.com\/ca\/wp-json\/wp\/v2\/media\/8690"}],"wp:attachment":[{"href":"https:\/\/www.parkcastellar.com\/ca\/wp-json\/wp\/v2\/media?parent=8668"}],"wp:term":[{"taxonomy":"category","embeddable":true,"href":"https:\/\/www.parkcastellar.com\/ca\/wp-json\/wp\/v2\/categories?post=8668"},{"taxonomy":"post_tag","embeddable":true,"href":"https:\/\/www.parkcastellar.com\/ca\/wp-json\/wp\/v2\/tags?post=8668"}],"curies":[{"name":"wp","href":"https:\/\/api.w.org\/{rel}","templated":true}]}}