{"id":6708,"date":"2016-05-24T10:13:13","date_gmt":"2016-05-24T08:13:13","guid":{"rendered":"https:\/\/www.parkcastellar.com\/las-carillas-porcelana-composite\/"},"modified":"2018-04-26T09:07:58","modified_gmt":"2018-04-26T07:07:58","slug":"las-carillas-porcelana-composite","status":"publish","type":"post","link":"https:\/\/www.parkcastellar.com\/ca\/las-carillas-porcelana-composite\/","title":{"rendered":"QU\u00c8 S\u00d3N LES CARETES DE PORCELLANA I COMPOSITE"},"content":{"rendered":"<style type=\"text\/css\"><\/style><p><img decoding=\"async\" class=\"aligncenter size-full wp-image-4913\" src=\"http:\/\/www.parkcastellar.com\/wp-content\/uploads\/carillas_porcelana_web.jpg\" alt=\"alfredogonzalez\" width=\"100%\" height=\"auto\" \/><\/p>\n<p><b>PARA QU\u00c8 S&#8217;UTILITZEN?<\/b><\/p>\n<p>L&#8217;odontologia adhesiva ha brindat grans oportunitats per aconseguir restauracions cada vegada m\u00e9s est\u00e8tiques i crear somriures m\u00e9s bonics. Les caretes est\u00e8tiques de porcellana s\u00f3n procediments d&#8217;est\u00e8tica dental que consisteix a substituir la superf\u00edcie externa de les dents per una capa de porcellana per millorar la seva est\u00e8tica i aconseguir un somriure harmoni\u00f3s.<\/p>\n<p>Les caretes de porcellana permeten canviar la forma, el color, l&#8217;ampl\u00e0ria i l&#8217;altura de les dents dels pacients. Es poden definir com una l\u00e0mina relativament fina de cer\u00e0mica que s&#8217;adhereix a la superf\u00edcie vestibular de les dents anteriors mitjan\u00e7ant resina composta i la finalitat de la qual \u00e9s l&#8217;est\u00e8tica. Avui dia es considera una de les t\u00e8cniques de reconstrucci\u00f3 indirecta amb resultats m\u00e9s favorables, tant per la seva durada com pel seu resultat final.<\/p>\n<p>La uni\u00f3 \u00e9s tan forta que una vegada col\u00b7locades no es poden retirar tret que es trenqui la careta. S&#8217;empren fonamentalment per emmascarar anomalies del color de les dents que no poden tractar-se mitjan\u00e7ant el blanquejament convencional. Tamb\u00e9 s&#8217;empren per dissimular alteracions en la grand\u00e0ria o forma dentaries, conferint a la dent un aspecte m\u00e9s adequat.<\/p>\n<p>Tenint en compte que el somriure i l&#8217;expressi\u00f3 facial \u00e9s el primer que veu la persona amb qui s&#8217;entaula conversa, la col\u00b7locaci\u00f3 de caretes de porcellana \u00e9s un tractament en auge en el sector dental, que fins i tot permet al pacient superar la inseguretat que li provocava el mostrar el seu antic somriure defectu\u00f3s.<\/p>\n<p>Al no requerir d&#8217;una intervenci\u00f3 molt complicada o dolorosa, i en presentar resultats excel\u00b7lents (en durada i aspecte natural), la col\u00b7locaci\u00f3 de caretes de porcellana \u00e9s una t\u00e8cnica re-constructiva molt demandada entre els tractaments odontol\u00f2gics est\u00e8tics, sobretot en aquells casos en qu\u00e8 la reconstrucci\u00f3 d&#8217;un somriure \u00e9s m\u00e9s complicada. Molts actors i actrius de cinema, cantants, famosos i altres personalitats, ja han millorat sense que es noti el disseny del seu somriure mitjan\u00e7ant aquest tipus de caretes.<\/p>\n<p>La durada de les caretes de porcellana \u00e9s dif\u00edcil d&#8217;estimar, puix que els h\u00e0bits de cada pacient s\u00f3n diferents. Orientativament, pot afirmar-se que una caretes de porcellana ben col\u00b7locada per un odont\u00f2leg especialista en tractaments d&#8217;est\u00e8tica dental pot durar entre 15 i 20 anys.<\/p>\n<p>L&#8217;est\u00e8tica \u00e9s avui dia una part important de les relacions socials i professionals. Els sistemes restauradores cer\u00e0mics sense estructura met\u00e0l\u00b7lica ens han perm\u00e8s avan\u00e7ar en els resultats est\u00e8tics sobretot en els grups anteriors, per\u00f2 a base, en molts casos, de desgastar teixit dentari existent a l&#8217;exc\u00e9s. L&#8217;objectiu d&#8217;aquest article \u00e9s presentar les caretes de porcellana com una de les t\u00e8cniques re-constructives adhesives que proporcionen una est\u00e8tica dental excel\u00b7lent amb una m\u00ednima alteraci\u00f3 del teixit dentari i desgast.<\/p>\n<p>Est \u00e9s el motiu pel qual hem d&#8217;oferir als nostres pacients una atenci\u00f3 especial en les t\u00e8cniques est\u00e8tiques que any rere any es v\u00e9nen desenvolupant. El progr\u00e9s dels compostes, aix\u00ed com l&#8217;evoluci\u00f3 de les cer\u00e0miques, \u00e9s un fidel exponent de les demandes de la poblaci\u00f3. D&#8217;aquesta forma, les carillas de porcellana s&#8217;han anat obrint cam\u00ed entre les diferents t\u00e8cniques re-constructives  del somriure.<\/p>\n<p><b>Avantatges<\/b><\/p>\n<p>Els seus principals avantatges s\u00f3n el seu poder d&#8217;adhesi\u00f3, resist\u00e8ncia a l&#8217;abrasi\u00f3 i gran sensaci\u00f3 est\u00e8tica. Pr\u00e0cticament no cal reduir la dent per col\u00b7locar-les. Una vegada cementades, el pacient pot menjar amb normalitat. Moltes personalitats de la vida p\u00fablica i mitjans de comunicaci\u00f3 fan \u00fas d&#8217;aquesta t\u00e8cnica per aconseguir un somriure atractiu.<\/p>\n<ul>\n<li>Permeten millorar l&#8217;aspecte est\u00e8tic dels nostres pacients de manera notable, ja que s\u00f3n capaces de modificar la forma, posici\u00f3 i color de les dents encara en casos dif\u00edcils. \u00c9s el m\u00e8tode m\u00e9s conservador (el que talla menor quantitat de dent) per modificar l&#8217;est\u00e8tica en dents anteriors.<\/li>\n<li>La resist\u00e8ncia a l&#8217;abrasi\u00f3, al desgast i a la fractura \u00e9s molt m\u00e9s alta que en les restauracions de resina composta (empastaments blancs).<\/li>\n<li>S\u00f3n resistents a l&#8217;atac dels fluids orals i a l&#8217;alcohol.<\/li>\n<li>Mantenen el color i la lluentor.<\/li>\n<li>S&#8217;obt\u00e9 un excel\u00b7lent ajust al marge de la dent.<\/li>\n<li>La seva uni\u00f3 a l&#8217;esmalt \u00e9s molt fort.<\/li>\n<li>Presenten una superf\u00edcie perfectament polida que dificulta el dip\u00f2sit de placa bacteriana pel que afavoreix la salut periodontal.<\/li>\n<\/ul>\n<p><b>Riscos<\/b><\/p>\n<p>Gaireb\u00e9 no presenta inconvenients, excepte els propis de la t\u00e8cnica de preparaci\u00f3 i col\u00b7locaci\u00f3, els quals concerneixen a l&#8217;Odont\u00f2leg. Si la careta adapta malament, senzillament es torna a fer una altra nova. Una vegada col\u00b7locades, el pacient s&#8217;oblida que les porta i pot menjar i parlar amb normalitat, tractant d&#8217;evitar sempre el mossegar coses excessivament dures amb les dents tractades.<\/p>\n","protected":false},"excerpt":{"rendered":"<p>PARA QU\u00c8 S&#8217;UTILITZEN? L&#8217;odontologia adhesiva ha brindat grans oportunitats per aconseguir restauracions cada vegada m\u00e9s est\u00e8tiques i crear somriures m\u00e9s bonics. Les caretes est\u00e8tiques de porcellana s\u00f3n procediments d&#8217;est\u00e8tica dental que consisteix a substituir la superf\u00edcie externa de les dents per una capa de porcellana per millorar la seva est\u00e8tica i aconseguir un somriure harmoni\u00f3s&#8230;.<\/p>\n","protected":false},"author":3,"featured_media":6277,"comment_status":"closed","ping_status":"closed","sticky":false,"template":"","format":"standard","meta":{"footnotes":""},"categories":[51],"tags":[],"class_list":["post-6708","post","type-post","status-publish","format-standard","has-post-thumbnail","hentry","category-entrevista-ca"],"yoast_head":"<!-- This site is optimized with the Yoast SEO plugin v26.0 - https:\/\/yoast.com\/wordpress\/plugins\/seo\/ -->\n<title>QU\u00c8 S\u00d3N LES CARETES DE PORCELLANA I COMPOSITE - Cl\u00ednica dental Park Castellar<\/title>\n<meta name=\"robots\" content=\"index, follow, max-snippet:-1, max-image-preview:large, max-video-preview:-1\" \/>\n<link rel=\"canonical\" href=\"https:\/\/www.parkcastellar.com\/ca\/las-carillas-porcelana-composite\/\" \/>\n<meta property=\"og:locale\" content=\"ca_ES\" \/>\n<meta property=\"og:type\" content=\"article\" \/>\n<meta property=\"og:title\" content=\"QU\u00c8 S\u00d3N LES CARETES DE PORCELLANA I COMPOSITE - Cl\u00ednica dental Park Castellar\" \/>\n<meta property=\"og:description\" content=\"PARA QU\u00c8 S&#8217;UTILITZEN? L&#8217;odontologia adhesiva ha brindat grans oportunitats per aconseguir restauracions cada vegada m\u00e9s est\u00e8tiques i crear somriures m\u00e9s bonics. Les caretes est\u00e8tiques de porcellana s\u00f3n procediments d&#8217;est\u00e8tica dental que consisteix a substituir la superf\u00edcie externa de les dents per una capa de porcellana per millorar la seva est\u00e8tica i aconseguir un somriure harmoni\u00f3s....\" \/>\n<meta property=\"og:url\" content=\"https:\/\/www.parkcastellar.com\/ca\/las-carillas-porcelana-composite\/\" \/>\n<meta property=\"og:site_name\" content=\"Cl\u00ednica dental Park Castellar\" \/>\n<meta property=\"article:published_time\" content=\"2016-05-24T08:13:13+00:00\" \/>\n<meta property=\"article:modified_time\" content=\"2018-04-26T07:07:58+00:00\" \/>\n<meta property=\"og:image\" content=\"https:\/\/www.parkcastellar.com\/wp-content\/uploads\/carillas_porcelana_web.jpg\" \/>\n\t<meta property=\"og:image:width\" content=\"800\" \/>\n\t<meta property=\"og:image:height\" content=\"533\" \/>\n\t<meta property=\"og:image:type\" content=\"image\/jpeg\" \/>\n<meta name=\"author\" content=\"parkcastellar\" \/>\n<meta name=\"twitter:card\" content=\"summary_large_image\" \/>\n<meta name=\"twitter:label1\" content=\"Escrit per\" \/>\n\t<meta name=\"twitter:data1\" content=\"parkcastellar\" \/>\n\t<meta name=\"twitter:label2\" content=\"Temps estimat de lectura\" \/>\n\t<meta name=\"twitter:data2\" content=\"4 minuts\" \/>\n<script type=\"application\/ld+json\" class=\"yoast-schema-graph\">{\"@context\":\"https:\/\/schema.org\",\"@graph\":[{\"@type\":\"WebPage\",\"@id\":\"https:\/\/www.parkcastellar.com\/ca\/las-carillas-porcelana-composite\/\",\"url\":\"https:\/\/www.parkcastellar.com\/ca\/las-carillas-porcelana-composite\/\",\"name\":\"QU\u00c8 S\u00d3N LES CARETES DE PORCELLANA I COMPOSITE - Cl\u00ednica dental Park Castellar\",\"isPartOf\":{\"@id\":\"https:\/\/www.parkcastellar.com\/#website\"},\"primaryImageOfPage\":{\"@id\":\"https:\/\/www.parkcastellar.com\/ca\/las-carillas-porcelana-composite\/#primaryimage\"},\"image\":{\"@id\":\"https:\/\/www.parkcastellar.com\/ca\/las-carillas-porcelana-composite\/#primaryimage\"},\"thumbnailUrl\":\"https:\/\/www.parkcastellar.com\/wp-content\/uploads\/carillas_porcelana_web.jpg\",\"datePublished\":\"2016-05-24T08:13:13+00:00\",\"dateModified\":\"2018-04-26T07:07:58+00:00\",\"author\":{\"@id\":\"https:\/\/www.parkcastellar.com\/#\/schema\/person\/43decb17dcaca946b2e6da7f84a2ccf6\"},\"breadcrumb\":{\"@id\":\"https:\/\/www.parkcastellar.com\/ca\/las-carillas-porcelana-composite\/#breadcrumb\"},\"inLanguage\":\"ca\",\"potentialAction\":[{\"@type\":\"ReadAction\",\"target\":[\"https:\/\/www.parkcastellar.com\/ca\/las-carillas-porcelana-composite\/\"]}]},{\"@type\":\"ImageObject\",\"inLanguage\":\"ca\",\"@id\":\"https:\/\/www.parkcastellar.com\/ca\/las-carillas-porcelana-composite\/#primaryimage\",\"url\":\"https:\/\/www.parkcastellar.com\/wp-content\/uploads\/carillas_porcelana_web.jpg\",\"contentUrl\":\"https:\/\/www.parkcastellar.com\/wp-content\/uploads\/carillas_porcelana_web.jpg\",\"width\":800,\"height\":533},{\"@type\":\"BreadcrumbList\",\"@id\":\"https:\/\/www.parkcastellar.com\/ca\/las-carillas-porcelana-composite\/#breadcrumb\",\"itemListElement\":[{\"@type\":\"ListItem\",\"position\":1,\"name\":\"Portada\",\"item\":\"https:\/\/www.parkcastellar.com\/ca\/\"},{\"@type\":\"ListItem\",\"position\":2,\"name\":\"QU\u00c8 S\u00d3N LES CARETES DE PORCELLANA I COMPOSITE\"}]},{\"@type\":\"WebSite\",\"@id\":\"https:\/\/www.parkcastellar.com\/#website\",\"url\":\"https:\/\/www.parkcastellar.com\/\",\"name\":\"Cl\u00ednica dental Park Castellar\",\"description\":\"Dentista Castellar del Vall\u00e8s\",\"potentialAction\":[{\"@type\":\"SearchAction\",\"target\":{\"@type\":\"EntryPoint\",\"urlTemplate\":\"https:\/\/www.parkcastellar.com\/?s={search_term_string}\"},\"query-input\":{\"@type\":\"PropertyValueSpecification\",\"valueRequired\":true,\"valueName\":\"search_term_string\"}}],\"inLanguage\":\"ca\"},{\"@type\":\"Person\",\"@id\":\"https:\/\/www.parkcastellar.com\/#\/schema\/person\/43decb17dcaca946b2e6da7f84a2ccf6\",\"name\":\"parkcastellar\",\"image\":{\"@type\":\"ImageObject\",\"inLanguage\":\"ca\",\"@id\":\"https:\/\/www.parkcastellar.com\/#\/schema\/person\/image\/\",\"url\":\"https:\/\/secure.gravatar.com\/avatar\/f6e2694db36f9b6412c9595372e9a082157113d7df11dda2a8011206061adf56?s=96&d=mm&r=g\",\"contentUrl\":\"https:\/\/secure.gravatar.com\/avatar\/f6e2694db36f9b6412c9595372e9a082157113d7df11dda2a8011206061adf56?s=96&d=mm&r=g\",\"caption\":\"parkcastellar\"},\"url\":\"https:\/\/www.parkcastellar.com\/ca\/author\/parkcastellar\/\"}]}<\/script>\n<!-- \/ Yoast SEO plugin. -->","yoast_head_json":{"title":"QU\u00c8 S\u00d3N LES CARETES DE PORCELLANA I COMPOSITE - Cl\u00ednica dental Park Castellar","robots":{"index":"index","follow":"follow","max-snippet":"max-snippet:-1","max-image-preview":"max-image-preview:large","max-video-preview":"max-video-preview:-1"},"canonical":"https:\/\/www.parkcastellar.com\/ca\/las-carillas-porcelana-composite\/","og_locale":"ca_ES","og_type":"article","og_title":"QU\u00c8 S\u00d3N LES CARETES DE PORCELLANA I COMPOSITE - Cl\u00ednica dental Park Castellar","og_description":"PARA QU\u00c8 S&#8217;UTILITZEN? L&#8217;odontologia adhesiva ha brindat grans oportunitats per aconseguir restauracions cada vegada m\u00e9s est\u00e8tiques i crear somriures m\u00e9s bonics. Les caretes est\u00e8tiques de porcellana s\u00f3n procediments d&#8217;est\u00e8tica dental que consisteix a substituir la superf\u00edcie externa de les dents per una capa de porcellana per millorar la seva est\u00e8tica i aconseguir un somriure harmoni\u00f3s....","og_url":"https:\/\/www.parkcastellar.com\/ca\/las-carillas-porcelana-composite\/","og_site_name":"Cl\u00ednica dental Park Castellar","article_published_time":"2016-05-24T08:13:13+00:00","article_modified_time":"2018-04-26T07:07:58+00:00","og_image":[{"width":800,"height":533,"url":"https:\/\/www.parkcastellar.com\/wp-content\/uploads\/carillas_porcelana_web.jpg","type":"image\/jpeg"}],"author":"parkcastellar","twitter_card":"summary_large_image","twitter_misc":{"Escrit per":"parkcastellar","Temps estimat de lectura":"4 minuts"},"schema":{"@context":"https:\/\/schema.org","@graph":[{"@type":"WebPage","@id":"https:\/\/www.parkcastellar.com\/ca\/las-carillas-porcelana-composite\/","url":"https:\/\/www.parkcastellar.com\/ca\/las-carillas-porcelana-composite\/","name":"QU\u00c8 S\u00d3N LES CARETES DE PORCELLANA I COMPOSITE - Cl\u00ednica dental Park Castellar","isPartOf":{"@id":"https:\/\/www.parkcastellar.com\/#website"},"primaryImageOfPage":{"@id":"https:\/\/www.parkcastellar.com\/ca\/las-carillas-porcelana-composite\/#primaryimage"},"image":{"@id":"https:\/\/www.parkcastellar.com\/ca\/las-carillas-porcelana-composite\/#primaryimage"},"thumbnailUrl":"https:\/\/www.parkcastellar.com\/wp-content\/uploads\/carillas_porcelana_web.jpg","datePublished":"2016-05-24T08:13:13+00:00","dateModified":"2018-04-26T07:07:58+00:00","author":{"@id":"https:\/\/www.parkcastellar.com\/#\/schema\/person\/43decb17dcaca946b2e6da7f84a2ccf6"},"breadcrumb":{"@id":"https:\/\/www.parkcastellar.com\/ca\/las-carillas-porcelana-composite\/#breadcrumb"},"inLanguage":"ca","potentialAction":[{"@type":"ReadAction","target":["https:\/\/www.parkcastellar.com\/ca\/las-carillas-porcelana-composite\/"]}]},{"@type":"ImageObject","inLanguage":"ca","@id":"https:\/\/www.parkcastellar.com\/ca\/las-carillas-porcelana-composite\/#primaryimage","url":"https:\/\/www.parkcastellar.com\/wp-content\/uploads\/carillas_porcelana_web.jpg","contentUrl":"https:\/\/www.parkcastellar.com\/wp-content\/uploads\/carillas_porcelana_web.jpg","width":800,"height":533},{"@type":"BreadcrumbList","@id":"https:\/\/www.parkcastellar.com\/ca\/las-carillas-porcelana-composite\/#breadcrumb","itemListElement":[{"@type":"ListItem","position":1,"name":"Portada","item":"https:\/\/www.parkcastellar.com\/ca\/"},{"@type":"ListItem","position":2,"name":"QU\u00c8 S\u00d3N LES CARETES DE PORCELLANA I COMPOSITE"}]},{"@type":"WebSite","@id":"https:\/\/www.parkcastellar.com\/#website","url":"https:\/\/www.parkcastellar.com\/","name":"Cl\u00ednica dental Park Castellar","description":"Dentista Castellar del Vall\u00e8s","potentialAction":[{"@type":"SearchAction","target":{"@type":"EntryPoint","urlTemplate":"https:\/\/www.parkcastellar.com\/?s={search_term_string}"},"query-input":{"@type":"PropertyValueSpecification","valueRequired":true,"valueName":"search_term_string"}}],"inLanguage":"ca"},{"@type":"Person","@id":"https:\/\/www.parkcastellar.com\/#\/schema\/person\/43decb17dcaca946b2e6da7f84a2ccf6","name":"parkcastellar","image":{"@type":"ImageObject","inLanguage":"ca","@id":"https:\/\/www.parkcastellar.com\/#\/schema\/person\/image\/","url":"https:\/\/secure.gravatar.com\/avatar\/f6e2694db36f9b6412c9595372e9a082157113d7df11dda2a8011206061adf56?s=96&d=mm&r=g","contentUrl":"https:\/\/secure.gravatar.com\/avatar\/f6e2694db36f9b6412c9595372e9a082157113d7df11dda2a8011206061adf56?s=96&d=mm&r=g","caption":"parkcastellar"},"url":"https:\/\/www.parkcastellar.com\/ca\/author\/parkcastellar\/"}]}},"_links":{"self":[{"href":"https:\/\/www.parkcastellar.com\/ca\/wp-json\/wp\/v2\/posts\/6708","targetHints":{"allow":["GET"]}}],"collection":[{"href":"https:\/\/www.parkcastellar.com\/ca\/wp-json\/wp\/v2\/posts"}],"about":[{"href":"https:\/\/www.parkcastellar.com\/ca\/wp-json\/wp\/v2\/types\/post"}],"author":[{"embeddable":true,"href":"https:\/\/www.parkcastellar.com\/ca\/wp-json\/wp\/v2\/users\/3"}],"replies":[{"embeddable":true,"href":"https:\/\/www.parkcastellar.com\/ca\/wp-json\/wp\/v2\/comments?post=6708"}],"version-history":[{"count":2,"href":"https:\/\/www.parkcastellar.com\/ca\/wp-json\/wp\/v2\/posts\/6708\/revisions"}],"predecessor-version":[{"id":6714,"href":"https:\/\/www.parkcastellar.com\/ca\/wp-json\/wp\/v2\/posts\/6708\/revisions\/6714"}],"wp:featuredmedia":[{"embeddable":true,"href":"https:\/\/www.parkcastellar.com\/ca\/wp-json\/wp\/v2\/media\/6277"}],"wp:attachment":[{"href":"https:\/\/www.parkcastellar.com\/ca\/wp-json\/wp\/v2\/media?parent=6708"}],"wp:term":[{"taxonomy":"category","embeddable":true,"href":"https:\/\/www.parkcastellar.com\/ca\/wp-json\/wp\/v2\/categories?post=6708"},{"taxonomy":"post_tag","embeddable":true,"href":"https:\/\/www.parkcastellar.com\/ca\/wp-json\/wp\/v2\/tags?post=6708"}],"curies":[{"name":"wp","href":"https:\/\/api.w.org\/{rel}","templated":true}]}}