{"id":6707,"date":"2016-05-25T08:26:51","date_gmt":"2016-05-25T06:26:51","guid":{"rendered":"https:\/\/www.parkcastellar.com\/prevencion-temprana-los-pacientes-infantiles\/"},"modified":"2018-04-26T09:05:42","modified_gmt":"2018-04-26T07:05:42","slug":"prevencion-temprana-los-pacientes-infantiles","status":"publish","type":"post","link":"https:\/\/www.parkcastellar.com\/ca\/prevencion-temprana-los-pacientes-infantiles\/","title":{"rendered":"PREVENCI\u00d3 PRIMERENCA EN ELS PACIENTS INFANTILS"},"content":{"rendered":"<style type=\"text\/css\"><\/style><p><img decoding=\"async\" class=\"aligncenter size-full wp-image-4913\" src=\"http:\/\/www.parkcastellar.com\/wp-content\/uploads\/paciente_infantil_cepillo.jpg\" alt=\"alfredogonzalez\" width=\"100%\" height=\"auto\" \/><\/p>\n<p>\u00c9s freq\u00fcent que els pares ens preguntin quan han d&#8217;acudir els seus fills per primera vegada al dentista. La Societat Espanyola i Americana de Odontopediatr\u00eda, entre unes altres, recomanen que els nens haurien d&#8217;acudir per primera vegada a l&#8217;odont\u00f2leg m\u00e9s o menys quan erupt la primera dent de llet, o com a m\u00e9s tard als 12 mesos d&#8217;edat. Fins i tot, l&#8217;ideal, seria la prevenci\u00f3 prenatal, \u00e9s a dir, que la dona embarassada reb\u00e9s consells sobre la futura salut oral dels seus fills.<\/p>\n<p>En aquesta visita han de complir-se diversos objectius de tipus preventiu, conductual, de diagn\u00f2stic i terap\u00e8utics.<br \/>\nEs dur\u00e0 a terme un examen oral del lactant el que permetr\u00e0 valorar el risc de c\u00e0ries i la necessitat d&#8217;aplicar fluor. A m\u00e9s, aquesta visita ajuda al nen a familiaritzar-se amb l&#8217;ambient dental.<\/p>\n<p>Les primeres dents de llet que erupcionen solen ser els quatre incisius, dos inferiors i dos superiors, entre els 6-12 mesos d&#8217;edat, la qual cosa freq\u00fcentment s&#8217;associa a dolor i sensibilitat de les genives que presentaran un aspecte enrogit o inflamat. El odontopediatra t&#8217;informar\u00e0 sobre com alleujar les mol\u00e8sties del teu beb\u00e8.<\/p>\n<p>Durant els primers mesos de vida, l&#8217;\u00fas del raspall \u00e9s innecessari, per\u00f2 els pares poden ser entrenats en la neteja de la boca del nen amb una gasa embolicada en un dit o un dispositiu especial de cautx\u00fa com un didal que t\u00e9 uns filaments curts que faciliten aquesta comesa.<br \/>\nTan aviat com aparegui la primera dent, generalment entre els 5 a 8 mesos d&#8217;edat, es pot comen\u00e7ar a utilitzar un raspall de truges suaus en lloc d&#8217;una gasa.<br \/>\nLa grand\u00e0ria del raspall ha de ser adequat a l&#8217;edat del nen, amb cap\u00e7al petit i m\u00e0nec llarg, amb truges de nylon, toves i puntes arrodonides.<br \/>\nAl principi el raspallat dental ser\u00e0 realitzat pels pares i a poc a poc el nen anir\u00e0 assumint m\u00e9s responsabilitat i participant d&#8217;una manera m\u00e9s activa, a mesura que millori la seva coordinaci\u00f3.<br \/>\n\u00c9s important dedicar especial atenci\u00f3 a les superf\u00edcies de masticaci\u00f3 dels queixals on es desenvolupen primer les c\u00e0ries. S&#8217;ha de raspallar al nen m\u00ednim dues vegades al dia, al mat\u00ed i abans d&#8217;anar-se a dormir, durant 2-3 minuts.<\/p>\n<p>Hem de tenir en compte que els bacteris responsables de l&#8217;inici de la c\u00e0ries dental s\u00f3n transmissibles d&#8217;una generaci\u00f3 a una altra. S&#8217;ha demostrat que els nens adquireixen aquests bacteris per mitj\u00e0 de la saliva a trav\u00e9s dels pares o cuidadors. Per tant, per evitar la transmissi\u00f3 de bacteris orals, no s&#8217;ha de compartir utensilis amb el beb\u00e8 com a culleres, raspalls de dents&#8230;., no hem de refredar el menjar bufant sobre la cullera, ni donar-los petons en la boca durant els primers anys de vida.<\/p>\n<p>Amb l&#8217;erupci\u00f3 de la primera dent, sobre els 6 mesos d&#8217;edat, no s&#8217;aconsella l&#8217;alimentaci\u00f3 nocturna i en el cas que aquesta es dur\u00e0 a terme s&#8217;hauria de netejar despr\u00e9s les dents.<br \/>\nL&#8217;ideal seria proporcionar la lact\u00e0ncia materna fins als 6 mesos d&#8217;edat i no donar sucres abans dels 2 anys. La lact\u00e0ncia materna i com tal la llet materna per si sola, no resulta cariog\u00e9nica. No obstant aix\u00f2, diversos estudis han demostrat que administrada amb altres sucres o amb una alta freq\u00fc\u00e8ncia o a demanda, s&#8217;associa a c\u00e0ries primerenca.<br \/>\n\u00c9s important evitar l&#8217;\u00fas freq\u00fcent del biber\u00f3 amb sucs o l\u00edquids ensucrats, sobretot abans d&#8217;anar-se a dormir, aix\u00ed com impregnar el xumet amb sucre o mel.<br \/>\nEl nen hauria de beure en got a l&#8217;any d&#8217;edat i deixar el biber\u00f3 entre els 12-18 mesos.<br \/>\nS&#8217;ha de limitar la ingesta d&#8217;aliments s\u00f2lids i l\u00edquids amb alt contingut en sucre entre els menjars, evitar el \u201cpicoteo\u201d i si no \u00e9s possible, raspallar-se les dents immediatament despr\u00e9s. Cura amb els \u201csucres ocults\u201d en sucs industrials, brioixeria, salses de tom\u00e0quet, begudes gasoses&#8230;..associats a la c\u00e0ries dental.<\/p>\n<p>Unes dents sanes s\u00f3n fonamentals per gaudir d&#8217;una inf\u00e0ncia saludable. No nom\u00e9s \u00e9s important cuidar les dents permanents, sin\u00f3 tamb\u00e9 prevenir i tractar els de llet, ja que aquests resulten imprescindibles per mastegar, aprendre a parlar i pronunciar amb claredat, mantenir l&#8217;espai per a les dents definitives i guiar la seva erupci\u00f3, aix\u00ed com millorar l&#8217;autoestima dels nostres pacients infantils.<\/p>\n<p>El per\u00edode m\u00e9s com\u00fa de revisions peri\u00f2diques \u00e9s cada 6 mesos encara que alguns nens requereixen un examen i aplicaci\u00f3 de mesures preventives m\u00e9s freq\u00fcents segons el risc de c\u00e0ries.<\/p>\n","protected":false},"excerpt":{"rendered":"<p>\u00c9s freq\u00fcent que els pares ens preguntin quan han d&#8217;acudir els seus fills per primera vegada al dentista. La Societat Espanyola i Americana de Odontopediatr\u00eda, entre unes altres, recomanen que els nens haurien d&#8217;acudir per primera vegada a l&#8217;odont\u00f2leg m\u00e9s o menys quan erupt la primera dent de llet, o com a m\u00e9s tard als&#8230;<\/p>\n","protected":false},"author":3,"featured_media":6278,"comment_status":"closed","ping_status":"closed","sticky":false,"template":"","format":"standard","meta":{"footnotes":""},"categories":[51],"tags":[],"class_list":["post-6707","post","type-post","status-publish","format-standard","has-post-thumbnail","hentry","category-entrevista-ca"],"yoast_head":"<!-- This site is optimized with the Yoast SEO plugin v26.0 - https:\/\/yoast.com\/wordpress\/plugins\/seo\/ -->\n<title>PREVENCI\u00d3 PRIMERENCA EN ELS PACIENTS INFANTILS - Cl\u00ednica dental Park Castellar<\/title>\n<meta name=\"robots\" content=\"index, follow, max-snippet:-1, max-image-preview:large, max-video-preview:-1\" \/>\n<link rel=\"canonical\" href=\"https:\/\/www.parkcastellar.com\/ca\/prevencion-temprana-los-pacientes-infantiles\/\" \/>\n<meta property=\"og:locale\" content=\"ca_ES\" \/>\n<meta property=\"og:type\" content=\"article\" \/>\n<meta property=\"og:title\" content=\"PREVENCI\u00d3 PRIMERENCA EN ELS PACIENTS INFANTILS - Cl\u00ednica dental Park Castellar\" \/>\n<meta property=\"og:description\" content=\"\u00c9s freq\u00fcent que els pares ens preguntin quan han d&#8217;acudir els seus fills per primera vegada al dentista. La Societat Espanyola i Americana de Odontopediatr\u00eda, entre unes altres, recomanen que els nens haurien d&#8217;acudir per primera vegada a l&#8217;odont\u00f2leg m\u00e9s o menys quan erupt la primera dent de llet, o com a m\u00e9s tard als...\" \/>\n<meta property=\"og:url\" content=\"https:\/\/www.parkcastellar.com\/ca\/prevencion-temprana-los-pacientes-infantiles\/\" \/>\n<meta property=\"og:site_name\" content=\"Cl\u00ednica dental Park Castellar\" \/>\n<meta property=\"article:published_time\" content=\"2016-05-25T06:26:51+00:00\" \/>\n<meta property=\"article:modified_time\" content=\"2018-04-26T07:05:42+00:00\" \/>\n<meta property=\"og:image\" content=\"https:\/\/www.parkcastellar.com\/wp-content\/uploads\/paciente_infantil_cepillo.jpg\" \/>\n\t<meta property=\"og:image:width\" content=\"800\" \/>\n\t<meta property=\"og:image:height\" content=\"534\" \/>\n\t<meta property=\"og:image:type\" content=\"image\/jpeg\" \/>\n<meta name=\"author\" content=\"parkcastellar\" \/>\n<meta name=\"twitter:card\" content=\"summary_large_image\" \/>\n<meta name=\"twitter:label1\" content=\"Escrit per\" \/>\n\t<meta name=\"twitter:data1\" content=\"parkcastellar\" \/>\n\t<meta name=\"twitter:label2\" content=\"Temps estimat de lectura\" \/>\n\t<meta name=\"twitter:data2\" content=\"4 minuts\" \/>\n<script type=\"application\/ld+json\" class=\"yoast-schema-graph\">{\"@context\":\"https:\/\/schema.org\",\"@graph\":[{\"@type\":\"WebPage\",\"@id\":\"https:\/\/www.parkcastellar.com\/ca\/prevencion-temprana-los-pacientes-infantiles\/\",\"url\":\"https:\/\/www.parkcastellar.com\/ca\/prevencion-temprana-los-pacientes-infantiles\/\",\"name\":\"PREVENCI\u00d3 PRIMERENCA EN ELS PACIENTS INFANTILS - Cl\u00ednica dental Park Castellar\",\"isPartOf\":{\"@id\":\"https:\/\/www.parkcastellar.com\/#website\"},\"primaryImageOfPage\":{\"@id\":\"https:\/\/www.parkcastellar.com\/ca\/prevencion-temprana-los-pacientes-infantiles\/#primaryimage\"},\"image\":{\"@id\":\"https:\/\/www.parkcastellar.com\/ca\/prevencion-temprana-los-pacientes-infantiles\/#primaryimage\"},\"thumbnailUrl\":\"https:\/\/www.parkcastellar.com\/wp-content\/uploads\/paciente_infantil_cepillo.jpg\",\"datePublished\":\"2016-05-25T06:26:51+00:00\",\"dateModified\":\"2018-04-26T07:05:42+00:00\",\"author\":{\"@id\":\"https:\/\/www.parkcastellar.com\/#\/schema\/person\/43decb17dcaca946b2e6da7f84a2ccf6\"},\"breadcrumb\":{\"@id\":\"https:\/\/www.parkcastellar.com\/ca\/prevencion-temprana-los-pacientes-infantiles\/#breadcrumb\"},\"inLanguage\":\"ca\",\"potentialAction\":[{\"@type\":\"ReadAction\",\"target\":[\"https:\/\/www.parkcastellar.com\/ca\/prevencion-temprana-los-pacientes-infantiles\/\"]}]},{\"@type\":\"ImageObject\",\"inLanguage\":\"ca\",\"@id\":\"https:\/\/www.parkcastellar.com\/ca\/prevencion-temprana-los-pacientes-infantiles\/#primaryimage\",\"url\":\"https:\/\/www.parkcastellar.com\/wp-content\/uploads\/paciente_infantil_cepillo.jpg\",\"contentUrl\":\"https:\/\/www.parkcastellar.com\/wp-content\/uploads\/paciente_infantil_cepillo.jpg\",\"width\":800,\"height\":534},{\"@type\":\"BreadcrumbList\",\"@id\":\"https:\/\/www.parkcastellar.com\/ca\/prevencion-temprana-los-pacientes-infantiles\/#breadcrumb\",\"itemListElement\":[{\"@type\":\"ListItem\",\"position\":1,\"name\":\"Portada\",\"item\":\"https:\/\/www.parkcastellar.com\/ca\/\"},{\"@type\":\"ListItem\",\"position\":2,\"name\":\"PREVENCI\u00d3 PRIMERENCA EN ELS PACIENTS INFANTILS\"}]},{\"@type\":\"WebSite\",\"@id\":\"https:\/\/www.parkcastellar.com\/#website\",\"url\":\"https:\/\/www.parkcastellar.com\/\",\"name\":\"Cl\u00ednica dental Park Castellar\",\"description\":\"Dentista Castellar del Vall\u00e8s\",\"potentialAction\":[{\"@type\":\"SearchAction\",\"target\":{\"@type\":\"EntryPoint\",\"urlTemplate\":\"https:\/\/www.parkcastellar.com\/?s={search_term_string}\"},\"query-input\":{\"@type\":\"PropertyValueSpecification\",\"valueRequired\":true,\"valueName\":\"search_term_string\"}}],\"inLanguage\":\"ca\"},{\"@type\":\"Person\",\"@id\":\"https:\/\/www.parkcastellar.com\/#\/schema\/person\/43decb17dcaca946b2e6da7f84a2ccf6\",\"name\":\"parkcastellar\",\"image\":{\"@type\":\"ImageObject\",\"inLanguage\":\"ca\",\"@id\":\"https:\/\/www.parkcastellar.com\/#\/schema\/person\/image\/\",\"url\":\"https:\/\/secure.gravatar.com\/avatar\/f6e2694db36f9b6412c9595372e9a082157113d7df11dda2a8011206061adf56?s=96&d=mm&r=g\",\"contentUrl\":\"https:\/\/secure.gravatar.com\/avatar\/f6e2694db36f9b6412c9595372e9a082157113d7df11dda2a8011206061adf56?s=96&d=mm&r=g\",\"caption\":\"parkcastellar\"},\"url\":\"https:\/\/www.parkcastellar.com\/ca\/author\/parkcastellar\/\"}]}<\/script>\n<!-- \/ Yoast SEO plugin. -->","yoast_head_json":{"title":"PREVENCI\u00d3 PRIMERENCA EN ELS PACIENTS INFANTILS - Cl\u00ednica dental Park Castellar","robots":{"index":"index","follow":"follow","max-snippet":"max-snippet:-1","max-image-preview":"max-image-preview:large","max-video-preview":"max-video-preview:-1"},"canonical":"https:\/\/www.parkcastellar.com\/ca\/prevencion-temprana-los-pacientes-infantiles\/","og_locale":"ca_ES","og_type":"article","og_title":"PREVENCI\u00d3 PRIMERENCA EN ELS PACIENTS INFANTILS - Cl\u00ednica dental Park Castellar","og_description":"\u00c9s freq\u00fcent que els pares ens preguntin quan han d&#8217;acudir els seus fills per primera vegada al dentista. La Societat Espanyola i Americana de Odontopediatr\u00eda, entre unes altres, recomanen que els nens haurien d&#8217;acudir per primera vegada a l&#8217;odont\u00f2leg m\u00e9s o menys quan erupt la primera dent de llet, o com a m\u00e9s tard als...","og_url":"https:\/\/www.parkcastellar.com\/ca\/prevencion-temprana-los-pacientes-infantiles\/","og_site_name":"Cl\u00ednica dental Park Castellar","article_published_time":"2016-05-25T06:26:51+00:00","article_modified_time":"2018-04-26T07:05:42+00:00","og_image":[{"width":800,"height":534,"url":"https:\/\/www.parkcastellar.com\/wp-content\/uploads\/paciente_infantil_cepillo.jpg","type":"image\/jpeg"}],"author":"parkcastellar","twitter_card":"summary_large_image","twitter_misc":{"Escrit per":"parkcastellar","Temps estimat de lectura":"4 minuts"},"schema":{"@context":"https:\/\/schema.org","@graph":[{"@type":"WebPage","@id":"https:\/\/www.parkcastellar.com\/ca\/prevencion-temprana-los-pacientes-infantiles\/","url":"https:\/\/www.parkcastellar.com\/ca\/prevencion-temprana-los-pacientes-infantiles\/","name":"PREVENCI\u00d3 PRIMERENCA EN ELS PACIENTS INFANTILS - Cl\u00ednica dental Park Castellar","isPartOf":{"@id":"https:\/\/www.parkcastellar.com\/#website"},"primaryImageOfPage":{"@id":"https:\/\/www.parkcastellar.com\/ca\/prevencion-temprana-los-pacientes-infantiles\/#primaryimage"},"image":{"@id":"https:\/\/www.parkcastellar.com\/ca\/prevencion-temprana-los-pacientes-infantiles\/#primaryimage"},"thumbnailUrl":"https:\/\/www.parkcastellar.com\/wp-content\/uploads\/paciente_infantil_cepillo.jpg","datePublished":"2016-05-25T06:26:51+00:00","dateModified":"2018-04-26T07:05:42+00:00","author":{"@id":"https:\/\/www.parkcastellar.com\/#\/schema\/person\/43decb17dcaca946b2e6da7f84a2ccf6"},"breadcrumb":{"@id":"https:\/\/www.parkcastellar.com\/ca\/prevencion-temprana-los-pacientes-infantiles\/#breadcrumb"},"inLanguage":"ca","potentialAction":[{"@type":"ReadAction","target":["https:\/\/www.parkcastellar.com\/ca\/prevencion-temprana-los-pacientes-infantiles\/"]}]},{"@type":"ImageObject","inLanguage":"ca","@id":"https:\/\/www.parkcastellar.com\/ca\/prevencion-temprana-los-pacientes-infantiles\/#primaryimage","url":"https:\/\/www.parkcastellar.com\/wp-content\/uploads\/paciente_infantil_cepillo.jpg","contentUrl":"https:\/\/www.parkcastellar.com\/wp-content\/uploads\/paciente_infantil_cepillo.jpg","width":800,"height":534},{"@type":"BreadcrumbList","@id":"https:\/\/www.parkcastellar.com\/ca\/prevencion-temprana-los-pacientes-infantiles\/#breadcrumb","itemListElement":[{"@type":"ListItem","position":1,"name":"Portada","item":"https:\/\/www.parkcastellar.com\/ca\/"},{"@type":"ListItem","position":2,"name":"PREVENCI\u00d3 PRIMERENCA EN ELS PACIENTS INFANTILS"}]},{"@type":"WebSite","@id":"https:\/\/www.parkcastellar.com\/#website","url":"https:\/\/www.parkcastellar.com\/","name":"Cl\u00ednica dental Park Castellar","description":"Dentista Castellar del Vall\u00e8s","potentialAction":[{"@type":"SearchAction","target":{"@type":"EntryPoint","urlTemplate":"https:\/\/www.parkcastellar.com\/?s={search_term_string}"},"query-input":{"@type":"PropertyValueSpecification","valueRequired":true,"valueName":"search_term_string"}}],"inLanguage":"ca"},{"@type":"Person","@id":"https:\/\/www.parkcastellar.com\/#\/schema\/person\/43decb17dcaca946b2e6da7f84a2ccf6","name":"parkcastellar","image":{"@type":"ImageObject","inLanguage":"ca","@id":"https:\/\/www.parkcastellar.com\/#\/schema\/person\/image\/","url":"https:\/\/secure.gravatar.com\/avatar\/f6e2694db36f9b6412c9595372e9a082157113d7df11dda2a8011206061adf56?s=96&d=mm&r=g","contentUrl":"https:\/\/secure.gravatar.com\/avatar\/f6e2694db36f9b6412c9595372e9a082157113d7df11dda2a8011206061adf56?s=96&d=mm&r=g","caption":"parkcastellar"},"url":"https:\/\/www.parkcastellar.com\/ca\/author\/parkcastellar\/"}]}},"_links":{"self":[{"href":"https:\/\/www.parkcastellar.com\/ca\/wp-json\/wp\/v2\/posts\/6707","targetHints":{"allow":["GET"]}}],"collection":[{"href":"https:\/\/www.parkcastellar.com\/ca\/wp-json\/wp\/v2\/posts"}],"about":[{"href":"https:\/\/www.parkcastellar.com\/ca\/wp-json\/wp\/v2\/types\/post"}],"author":[{"embeddable":true,"href":"https:\/\/www.parkcastellar.com\/ca\/wp-json\/wp\/v2\/users\/3"}],"replies":[{"embeddable":true,"href":"https:\/\/www.parkcastellar.com\/ca\/wp-json\/wp\/v2\/comments?post=6707"}],"version-history":[{"count":3,"href":"https:\/\/www.parkcastellar.com\/ca\/wp-json\/wp\/v2\/posts\/6707\/revisions"}],"predecessor-version":[{"id":6713,"href":"https:\/\/www.parkcastellar.com\/ca\/wp-json\/wp\/v2\/posts\/6707\/revisions\/6713"}],"wp:featuredmedia":[{"embeddable":true,"href":"https:\/\/www.parkcastellar.com\/ca\/wp-json\/wp\/v2\/media\/6278"}],"wp:attachment":[{"href":"https:\/\/www.parkcastellar.com\/ca\/wp-json\/wp\/v2\/media?parent=6707"}],"wp:term":[{"taxonomy":"category","embeddable":true,"href":"https:\/\/www.parkcastellar.com\/ca\/wp-json\/wp\/v2\/categories?post=6707"},{"taxonomy":"post_tag","embeddable":true,"href":"https:\/\/www.parkcastellar.com\/ca\/wp-json\/wp\/v2\/tags?post=6707"}],"curies":[{"name":"wp","href":"https:\/\/api.w.org\/{rel}","templated":true}]}}